{"id":11093,"date":"2018-11-20T15:13:48","date_gmt":"2018-11-20T15:13:48","guid":{"rendered":"https:\/\/clinicadentalpenedes.com\/blog\/puedo-ir-al-dentista-estando-embarazada\/"},"modified":"2019-11-11T18:23:24","modified_gmt":"2019-11-11T18:23:24","slug":"puedo-ir-al-dentista-estando-embarazada","status":"publish","type":"post","link":"https:\/\/clinicadentalpenedes.com\/ca\/puedo-ir-al-dentista-estando-embarazada\/","title":{"rendered":"\u00bfPuedo ir al dentista si estoy embarazada?"},"content":{"rendered":"<p style=\"text-align: justify;\"><b>El embarazo y la lactancia en la odontolog\u00eda<\/b><\/p>\n<p style=\"text-align: justify;\"><span style=\"font-weight: 400;\">Siempre que me hacen esta pregunta respondo que si en la actualidad se realizan operaciones a los fetos intra\u00fatero, \u00bfc\u00f3mo no se van a poder tratar los dientes de la madre embarazada?. Este primer pensamiento nos deber\u00eda hacer reflexionar sobre la cantidad de temores ancestrales que todav\u00eda siguen existiendo alrededor de la odontolog\u00eda.<\/span><br \/>\n<span style=\"font-weight: 400;\">Lo cierto es que hay que tomar toda una serie de precauciones siendo la primera de ellas que lo ideal ser\u00eda que, cuando se est\u00e1 buscando un beb\u00e9, previamente se realice una revisi\u00f3n odontol\u00f3gica para comprobar la salud bucodental y realizar los tratamientos necesarios antes del embarazo . Est\u00e1 bien documentado el hecho de que la presencia de una inflamaci\u00f3n cr\u00f3nica como la gingivitis o la <\/span><b>periodontitis reduce la tasa de \u00e9xitos de anidamiento<\/b><span style=\"font-weight: 400;\"> del embri\u00f3n en el \u00fatero en los programas de fecundaci\u00f3n, conocimiento que se hace extensible al proceso natural.<\/span><\/p>\n<p style=\"text-align: justify;\"><span style=\"font-weight: 400;\">En cualquier caso, nada m\u00e1s conocer el tambi\u00e9n llamado \u201cestado de buena esperanza\u201d, es aconsejable hacer una visita al dentista para chequear la situaci\u00f3n oral y poder realizar peque\u00f1os tratamientos que son seguros ( higiene bucodental, empastes,etc.) antes de que se puedan presentar complicaciones durante el embarazo. Tambi\u00e9n es el \u00a0momento para recibir instrucciones de higiene oral personal e instrucciones diet\u00e9ticas, pues es frecuente que en este per\u00edodo la madre incremente la ingesta de az\u00facares y esto favorezca el desarrollo de caries.<\/span><\/p>\n<p style=\"text-align: justify;\"><span style=\"font-weight: 400;\">Es importante saber que con el cambio hormonal del embarazo las enc\u00edas se vuelven hipersensibles a la presencia de suciedad y es muy frecuente la <\/span><b>gingivitis del embarazo<\/b><span style=\"font-weight: 400;\">, que puede agravar una periodontitis cr\u00f3nica, y hay patolog\u00edas propias de la situaci\u00f3n como el granuloma pi\u00f3geno del embarazo. Por esto la eliminaci\u00f3n del sarro por parte del profesional es importante desde los primeros momentos del embarazo. Hoy d\u00eda est\u00e1 probado que la presencia de <\/span><b>periodontitis durante el embarazo est\u00e1 asociada a nacimientos prematuros<\/b><span style=\"font-weight: 400;\"> y ni\u00f1os de bajo peso.<\/span><\/p>\n<p style=\"text-align: justify;\"><span style=\"font-weight: 400;\"> Se considera el segundo trimestre del embarazo como el ideal para programar los tratamientos odontol\u00f3gicos necesarios, procurando realizar solo lo imprescindible, en el sentido de que tratamientos importantes como cirug\u00edas, pr\u00f3tesis extensas, etc; se deben reservar para despu\u00e9s del alumbramiento.<\/span><\/p>\n<p style=\"text-align: justify;\"><span style=\"font-weight: 400;\">Se debe tener claro que <\/span><b>cualquier urgencia debe tratarse<\/b><span style=\"font-weight: 400;\">, situaciones de dolor o infecci\u00f3n deben resolverse r\u00e1pidamente por el bien de la madre y del feto. La generosidad de las madres es tan grande que algunas, err\u00f3neamente, prefieren sufrir pensando que cualquier tratamiento odontol\u00f3gico puede ser perjudicial para su beb\u00e9, pero no se dan cuenta que su dolor y su infecci\u00f3n se transmiten a su beb\u00e9 que tambi\u00e9n sufre.<\/span><\/p>\n<p style=\"text-align: justify;\"><b>La anestesia local durante el embarazo y lactancia<\/b><\/p>\n<ul style=\"text-align: justify;\">\n<li style=\"font-weight: 400;\"><span style=\"font-weight: 400;\">La anestesia local \u00a0se considera segura durante el embarazo.<\/span><\/li>\n<li style=\"font-weight: 400;\"><span style=\"font-weight: 400;\">El anest\u00e9sico de elecci\u00f3n es la lidoca\u00edna y se debe minimizar el uso de vasoconstrictor asociado.<\/span><\/li>\n<li style=\"font-weight: 400;\"><span style=\"font-weight: 400;\">Est\u00e1 contraindicado el uso de \u00f3xido nitroso para la sedaci\u00f3n.<\/span><\/li>\n<\/ul>\n<p style=\"text-align: justify;\"><b>Medicamentos durante el embarazo y lactancia<\/b><\/p>\n<p style=\"text-align: justify;\"><span style=\"font-weight: 400;\">El uso del antis\u00e9ptico <\/span><b>clorhexidina <\/b><span style=\"font-weight: 400;\">en colutorio o gel es seguro.<\/span><\/p>\n<p style=\"text-align: justify;\"><span style=\"font-weight: 400;\">Respecto a los antibi\u00f3ticos: las penicilinas, <\/span><b>amoxicilina<\/b><span style=\"font-weight: 400;\"> (con o sin clavul\u00e1nico), azitromicina, clindamicina y eritromicina (excepto el estolato) son seguros en el embarazo y la lactancia.<\/span><\/p>\n<p style=\"text-align: justify;\"><span style=\"font-weight: 400;\">Respecto a los analg\u00e9sicos: el <\/span><b>paracetamol<\/b><span style=\"font-weight: 400;\"> se considera seguro.<\/span><\/p>\n<p style=\"text-align: justify;\"><span style=\"font-weight: 400;\">Se deben evitar los salicilatos, opi\u00e1ceos y corticosteroides, as\u00ed como el ibuprofeno, diclofenaco, metamizol y naproxeno.<\/span><\/p>\n<p style=\"text-align: justify;\"><span style=\"font-weight: 400;\">Tambi\u00e9n se deben evitar los antif\u00fangicos, antiv\u00edricos y protectores g\u00e1stricos.<\/span><\/p>\n<p style=\"text-align: justify;\"><span style=\"font-weight: 400;\">Durante la lactancia se recomienda que la madre ingiera el medicamento justo antes de iniciar la toma y retrasar la siguiente m\u00e1s de cuatro horas para disminuir la concentraci\u00f3n del f\u00e1rmaco en la leche materna. <\/span><\/p>\n<p style=\"text-align: justify;\"><span style=\"font-weight: 400;\">Finalmente indica que los blanqueamientos con per\u00f3xido de hidr\u00f3geno est\u00e1n contraindicados durante el embarazo y la lactancia.<\/span><\/p>\n<p style=\"text-align: justify;\"><span style=\"font-weight: 400;\">Las radiograf\u00edas podr\u00edan realizarse, si son estrictamente necesarias, con la debida protecci\u00f3n con delantales de plomo, pero es mejor evitarlas, como cualquier riesgo, en la medida de lo posible.<\/span><\/p>\n<p style=\"text-align: justify;\"><span style=\"font-weight: 400;\">En resumen, los dentistas forman parte de todo el grupo de profesionales de la salud que deben estar al servicio de la embarazada para que esta etapa tan feliz y llena de esperanzas transcurra de la manera m\u00e1s tranquila y segura posible.<\/span><\/p>\n","protected":false},"excerpt":{"rendered":"<p>El embarazo y la lactancia en la odontolog\u00eda Siempre que me hacen esta pregunta respondo que si en la actualidad se realizan operaciones a los fetos intra\u00fatero, \u00bfc\u00f3mo no se van a poder tratar los dientes de la madre embarazada?. Este primer pensamiento nos deber\u00eda hacer reflexionar sobre la cantidad de temores ancestrales que todav\u00eda<\/p>\n","protected":false},"author":2,"featured_media":8055,"comment_status":"closed","ping_status":"open","sticky":false,"template":"","format":"standard","meta":{"_monsterinsights_skip_tracking":false,"_monsterinsights_sitenote_active":false,"_monsterinsights_sitenote_note":"","_monsterinsights_sitenote_category":0,"footnotes":""},"categories":[59],"tags":[],"yoast_head":"<!-- This site is optimized with the Yoast SEO plugin v24.2 - https:\/\/yoast.com\/wordpress\/plugins\/seo\/ -->\n<title>Embarazo y lactancia en odontolog\u00eda | Blog Dr J. Ferre Jorge<\/title>\n<meta name=\"description\" content=\"Durante el embarazo hacer una visita al dentista es una opci\u00f3n recomendable. Hay ciertos aspectos que considerar en la salud oral. Descubre cu\u00e1les\" \/>\n<meta name=\"robots\" content=\"index, follow, max-snippet:-1, max-image-preview:large, max-video-preview:-1\" \/>\n<link rel=\"canonical\" href=\"https:\/\/clinicadentalpenedes.com\/ca\/puedo-ir-al-dentista-estando-embarazada\/\" \/>\n<meta property=\"og:locale\" content=\"ca_ES\" \/>\n<meta property=\"og:type\" content=\"article\" \/>\n<meta property=\"og:title\" content=\"Embarazo y lactancia en odontolog\u00eda | Blog Dr J. Ferre Jorge\" \/>\n<meta property=\"og:description\" content=\"Durante el embarazo hacer una visita al dentista es una opci\u00f3n recomendable. Hay ciertos aspectos que considerar en la salud oral. Descubre cu\u00e1les\" \/>\n<meta property=\"og:url\" content=\"https:\/\/clinicadentalpenedes.com\/ca\/puedo-ir-al-dentista-estando-embarazada\/\" \/>\n<meta property=\"og:site_name\" content=\"Cl\u00ednica Dental Pened\u00e8s\" \/>\n<meta property=\"article:published_time\" content=\"2018-11-20T15:13:48+00:00\" \/>\n<meta property=\"article:modified_time\" content=\"2019-11-11T18:23:24+00:00\" \/>\n<meta property=\"og:image\" content=\"https:\/\/clinicadentalpenedes.com\/wp-content\/uploads\/2018\/11\/Estando-embarazada.jpg\" \/>\n\t<meta property=\"og:image:width\" content=\"750\" \/>\n\t<meta property=\"og:image:height\" content=\"500\" \/>\n\t<meta property=\"og:image:type\" content=\"image\/jpeg\" \/>\n<meta name=\"author\" content=\"Dr. J Ferre Jorge\" \/>\n<meta name=\"twitter:card\" content=\"summary_large_image\" \/>\n<meta name=\"twitter:label1\" content=\"Escrit per\" \/>\n\t<meta name=\"twitter:data1\" content=\"Dr. J Ferre Jorge\" \/>\n\t<meta name=\"twitter:label2\" content=\"Temps estimat de lectura\" \/>\n\t<meta name=\"twitter:data2\" content=\"4 minuts\" \/>\n<script type=\"application\/ld+json\" class=\"yoast-schema-graph\">{\"@context\":\"https:\/\/schema.org\",\"@graph\":[{\"@type\":\"WebPage\",\"@id\":\"https:\/\/clinicadentalpenedes.com\/ca\/puedo-ir-al-dentista-estando-embarazada\/\",\"url\":\"https:\/\/clinicadentalpenedes.com\/ca\/puedo-ir-al-dentista-estando-embarazada\/\",\"name\":\"Embarazo y lactancia en odontolog\u00eda | Blog Dr J. Ferre Jorge\",\"isPartOf\":{\"@id\":\"https:\/\/clinicadentalpenedes.com\/#website\"},\"primaryImageOfPage\":{\"@id\":\"https:\/\/clinicadentalpenedes.com\/ca\/puedo-ir-al-dentista-estando-embarazada\/#primaryimage\"},\"image\":{\"@id\":\"https:\/\/clinicadentalpenedes.com\/ca\/puedo-ir-al-dentista-estando-embarazada\/#primaryimage\"},\"thumbnailUrl\":\"https:\/\/clinicadentalpenedes.com\/wp-content\/uploads\/2018\/11\/Estando-embarazada.jpg\",\"datePublished\":\"2018-11-20T15:13:48+00:00\",\"dateModified\":\"2019-11-11T18:23:24+00:00\",\"author\":{\"@id\":\"https:\/\/clinicadentalpenedes.com\/#\/schema\/person\/352a9540a1dceeadb9887d714601adc7\"},\"description\":\"Durante el embarazo hacer una visita al dentista es una opci\u00f3n recomendable. Hay ciertos aspectos que considerar en la salud oral. Descubre cu\u00e1les\",\"breadcrumb\":{\"@id\":\"https:\/\/clinicadentalpenedes.com\/ca\/puedo-ir-al-dentista-estando-embarazada\/#breadcrumb\"},\"inLanguage\":\"ca\",\"potentialAction\":[{\"@type\":\"ReadAction\",\"target\":[\"https:\/\/clinicadentalpenedes.com\/ca\/puedo-ir-al-dentista-estando-embarazada\/\"]}]},{\"@type\":\"ImageObject\",\"inLanguage\":\"ca\",\"@id\":\"https:\/\/clinicadentalpenedes.com\/ca\/puedo-ir-al-dentista-estando-embarazada\/#primaryimage\",\"url\":\"https:\/\/clinicadentalpenedes.com\/wp-content\/uploads\/2018\/11\/Estando-embarazada.jpg\",\"contentUrl\":\"https:\/\/clinicadentalpenedes.com\/wp-content\/uploads\/2018\/11\/Estando-embarazada.jpg\",\"width\":750,\"height\":500,\"caption\":\"Estando embarazada\"},{\"@type\":\"BreadcrumbList\",\"@id\":\"https:\/\/clinicadentalpenedes.com\/ca\/puedo-ir-al-dentista-estando-embarazada\/#breadcrumb\",\"itemListElement\":[{\"@type\":\"ListItem\",\"position\":1,\"name\":\"Portada\",\"item\":\"https:\/\/clinicadentalpenedes.com\/ca\/\"},{\"@type\":\"ListItem\",\"position\":2,\"name\":\"\u00bfPuedo ir al dentista si estoy embarazada?\"}]},{\"@type\":\"WebSite\",\"@id\":\"https:\/\/clinicadentalpenedes.com\/#website\",\"url\":\"https:\/\/clinicadentalpenedes.com\/\",\"name\":\"Cl\u00ednica Dental Pened\u00e8s\",\"description\":\"Cl\u00ednica Dental en Vilafranca del Pened\u00e8s\",\"potentialAction\":[{\"@type\":\"SearchAction\",\"target\":{\"@type\":\"EntryPoint\",\"urlTemplate\":\"https:\/\/clinicadentalpenedes.com\/?s={search_term_string}\"},\"query-input\":{\"@type\":\"PropertyValueSpecification\",\"valueRequired\":true,\"valueName\":\"search_term_string\"}}],\"inLanguage\":\"ca\"},{\"@type\":\"Person\",\"@id\":\"https:\/\/clinicadentalpenedes.com\/#\/schema\/person\/352a9540a1dceeadb9887d714601adc7\",\"name\":\"Dr. J Ferre Jorge\",\"image\":{\"@type\":\"ImageObject\",\"inLanguage\":\"ca\",\"@id\":\"https:\/\/clinicadentalpenedes.com\/#\/schema\/person\/image\/\",\"url\":\"https:\/\/secure.gravatar.com\/avatar\/237fbdee265828fb7a1bfee4b8ab9aa9?s=96&d=mm&r=g\",\"contentUrl\":\"https:\/\/secure.gravatar.com\/avatar\/237fbdee265828fb7a1bfee4b8ab9aa9?s=96&d=mm&r=g\",\"caption\":\"Dr. J Ferre Jorge\"},\"url\":\"https:\/\/clinicadentalpenedes.com\/ca\/author\/jorgeferre\/\"}]}<\/script>\n<!-- \/ Yoast SEO plugin. -->","yoast_head_json":{"title":"Embarazo y lactancia en odontolog\u00eda | Blog Dr J. Ferre Jorge","description":"Durante el embarazo hacer una visita al dentista es una opci\u00f3n recomendable. Hay ciertos aspectos que considerar en la salud oral. Descubre cu\u00e1les","robots":{"index":"index","follow":"follow","max-snippet":"max-snippet:-1","max-image-preview":"max-image-preview:large","max-video-preview":"max-video-preview:-1"},"canonical":"https:\/\/clinicadentalpenedes.com\/ca\/puedo-ir-al-dentista-estando-embarazada\/","og_locale":"ca_ES","og_type":"article","og_title":"Embarazo y lactancia en odontolog\u00eda | Blog Dr J. Ferre Jorge","og_description":"Durante el embarazo hacer una visita al dentista es una opci\u00f3n recomendable. Hay ciertos aspectos que considerar en la salud oral. Descubre cu\u00e1les","og_url":"https:\/\/clinicadentalpenedes.com\/ca\/puedo-ir-al-dentista-estando-embarazada\/","og_site_name":"Cl\u00ednica Dental Pened\u00e8s","article_published_time":"2018-11-20T15:13:48+00:00","article_modified_time":"2019-11-11T18:23:24+00:00","og_image":[{"width":750,"height":500,"url":"https:\/\/clinicadentalpenedes.com\/wp-content\/uploads\/2018\/11\/Estando-embarazada.jpg","type":"image\/jpeg"}],"author":"Dr. J Ferre Jorge","twitter_card":"summary_large_image","twitter_misc":{"Escrit per":"Dr. J Ferre Jorge","Temps estimat de lectura":"4 minuts"},"schema":{"@context":"https:\/\/schema.org","@graph":[{"@type":"WebPage","@id":"https:\/\/clinicadentalpenedes.com\/ca\/puedo-ir-al-dentista-estando-embarazada\/","url":"https:\/\/clinicadentalpenedes.com\/ca\/puedo-ir-al-dentista-estando-embarazada\/","name":"Embarazo y lactancia en odontolog\u00eda | Blog Dr J. Ferre Jorge","isPartOf":{"@id":"https:\/\/clinicadentalpenedes.com\/#website"},"primaryImageOfPage":{"@id":"https:\/\/clinicadentalpenedes.com\/ca\/puedo-ir-al-dentista-estando-embarazada\/#primaryimage"},"image":{"@id":"https:\/\/clinicadentalpenedes.com\/ca\/puedo-ir-al-dentista-estando-embarazada\/#primaryimage"},"thumbnailUrl":"https:\/\/clinicadentalpenedes.com\/wp-content\/uploads\/2018\/11\/Estando-embarazada.jpg","datePublished":"2018-11-20T15:13:48+00:00","dateModified":"2019-11-11T18:23:24+00:00","author":{"@id":"https:\/\/clinicadentalpenedes.com\/#\/schema\/person\/352a9540a1dceeadb9887d714601adc7"},"description":"Durante el embarazo hacer una visita al dentista es una opci\u00f3n recomendable. Hay ciertos aspectos que considerar en la salud oral. Descubre cu\u00e1les","breadcrumb":{"@id":"https:\/\/clinicadentalpenedes.com\/ca\/puedo-ir-al-dentista-estando-embarazada\/#breadcrumb"},"inLanguage":"ca","potentialAction":[{"@type":"ReadAction","target":["https:\/\/clinicadentalpenedes.com\/ca\/puedo-ir-al-dentista-estando-embarazada\/"]}]},{"@type":"ImageObject","inLanguage":"ca","@id":"https:\/\/clinicadentalpenedes.com\/ca\/puedo-ir-al-dentista-estando-embarazada\/#primaryimage","url":"https:\/\/clinicadentalpenedes.com\/wp-content\/uploads\/2018\/11\/Estando-embarazada.jpg","contentUrl":"https:\/\/clinicadentalpenedes.com\/wp-content\/uploads\/2018\/11\/Estando-embarazada.jpg","width":750,"height":500,"caption":"Estando embarazada"},{"@type":"BreadcrumbList","@id":"https:\/\/clinicadentalpenedes.com\/ca\/puedo-ir-al-dentista-estando-embarazada\/#breadcrumb","itemListElement":[{"@type":"ListItem","position":1,"name":"Portada","item":"https:\/\/clinicadentalpenedes.com\/ca\/"},{"@type":"ListItem","position":2,"name":"\u00bfPuedo ir al dentista si estoy embarazada?"}]},{"@type":"WebSite","@id":"https:\/\/clinicadentalpenedes.com\/#website","url":"https:\/\/clinicadentalpenedes.com\/","name":"Cl\u00ednica Dental Pened\u00e8s","description":"Cl\u00ednica Dental en Vilafranca del Pened\u00e8s","potentialAction":[{"@type":"SearchAction","target":{"@type":"EntryPoint","urlTemplate":"https:\/\/clinicadentalpenedes.com\/?s={search_term_string}"},"query-input":{"@type":"PropertyValueSpecification","valueRequired":true,"valueName":"search_term_string"}}],"inLanguage":"ca"},{"@type":"Person","@id":"https:\/\/clinicadentalpenedes.com\/#\/schema\/person\/352a9540a1dceeadb9887d714601adc7","name":"Dr. J Ferre Jorge","image":{"@type":"ImageObject","inLanguage":"ca","@id":"https:\/\/clinicadentalpenedes.com\/#\/schema\/person\/image\/","url":"https:\/\/secure.gravatar.com\/avatar\/237fbdee265828fb7a1bfee4b8ab9aa9?s=96&d=mm&r=g","contentUrl":"https:\/\/secure.gravatar.com\/avatar\/237fbdee265828fb7a1bfee4b8ab9aa9?s=96&d=mm&r=g","caption":"Dr. J Ferre Jorge"},"url":"https:\/\/clinicadentalpenedes.com\/ca\/author\/jorgeferre\/"}]}},"_links":{"self":[{"href":"https:\/\/clinicadentalpenedes.com\/ca\/wp-json\/wp\/v2\/posts\/11093"}],"collection":[{"href":"https:\/\/clinicadentalpenedes.com\/ca\/wp-json\/wp\/v2\/posts"}],"about":[{"href":"https:\/\/clinicadentalpenedes.com\/ca\/wp-json\/wp\/v2\/types\/post"}],"author":[{"embeddable":true,"href":"https:\/\/clinicadentalpenedes.com\/ca\/wp-json\/wp\/v2\/users\/2"}],"replies":[{"embeddable":true,"href":"https:\/\/clinicadentalpenedes.com\/ca\/wp-json\/wp\/v2\/comments?post=11093"}],"version-history":[{"count":0,"href":"https:\/\/clinicadentalpenedes.com\/ca\/wp-json\/wp\/v2\/posts\/11093\/revisions"}],"wp:featuredmedia":[{"embeddable":true,"href":"https:\/\/clinicadentalpenedes.com\/ca\/wp-json\/wp\/v2\/media\/8055"}],"wp:attachment":[{"href":"https:\/\/clinicadentalpenedes.com\/ca\/wp-json\/wp\/v2\/media?parent=11093"}],"wp:term":[{"taxonomy":"category","embeddable":true,"href":"https:\/\/clinicadentalpenedes.com\/ca\/wp-json\/wp\/v2\/categories?post=11093"},{"taxonomy":"post_tag","embeddable":true,"href":"https:\/\/clinicadentalpenedes.com\/ca\/wp-json\/wp\/v2\/tags?post=11093"}],"curies":[{"name":"wp","href":"https:\/\/api.w.org\/{rel}","templated":true}]}}